{"id":2360,"date":"2024-08-20T01:24:13","date_gmt":"2024-08-20T04:24:13","guid":{"rendered":"http:\/\/setorreciclagem.com.br\/?p=2360"},"modified":"2024-09-02T21:51:17","modified_gmt":"2024-09-03T00:51:17","slug":"logistica-reversa","status":"publish","type":"post","link":"https:\/\/setorreciclagem.com.br\/fr\/legislacao\/logistica-reversa\/","title":{"rendered":"Logistique invers\u00e9e et r\u00e9alit\u00e9 difficile des municipalit\u00e9s\u00a0: une analyse de durabilit\u00e9"},"content":{"rendered":"<p>La durabilit\u00e9 est une responsabilit\u00e9 fondamentale de la g\u00e9n\u00e9ration actuelle pour garantir la qualit\u00e9 de vie des g\u00e9n\u00e9rations futures. Pour faire face aux d\u00e9fis environnementaux, l&#039;\u00c9tat a mis en \u0153uvre d&#039;importantes l\u00e9gislations, telles que le Plan National des D\u00e9chets Solides (PNRS), \u00e9tabli par la loi 12 305\/10, et la r\u00e9glementation de la logistique inverse par le d\u00e9cret n\u00b0 7 404\/10. Ces normes visent \u00e0 cr\u00e9er une structure qui implique divers acteurs dans la gestion des d\u00e9chets solides, favorisant une approche plus efficace de leur gestion et de leur recyclage.<\/p>\n\n\n\n<p>L&#039;objectif de ce billet est d&#039;analyser si les petites communes sont pr\u00eates \u00e0 remplir leur r\u00f4le dans la Logistique Reverse, \u00e9l\u00e9ment crucial du PNRS. L&#039;analyse consid\u00e8re la l\u00e9gislation actuelle et la r\u00e9alit\u00e9 \u00e0 laquelle sont confront\u00e9es les municipalit\u00e9s, en utilisant l&#039;approche d\u00e9ductive et la m\u00e9thode monographique\/historique pour comprendre les d\u00e9fis et les avanc\u00e9es dans ce domaine.<\/p>\n\n\n\n<figure class=\"wp-block-image size-full\"><a href=\"https:\/\/setorreciclagem.com.br\/wp-content\/uploads\/2016\/07\/lixao-brasilia-capa.jpg\"><img fetchpriority=\"high\" decoding=\"async\" width=\"1000\" height=\"580\" src=\"https:\/\/setorreciclagem.com.br\/wp-content\/uploads\/2016\/07\/lixao-brasilia-capa.jpg\" alt=\"Bras\u00edlia tem o maior lix\u00e3o da Am\u00e9rica do Sul\" class=\"wp-image-1877\" srcset=\"https:\/\/setorreciclagem.com.br\/wp-content\/uploads\/2016\/07\/lixao-brasilia-capa.jpg 1000w, https:\/\/setorreciclagem.com.br\/wp-content\/uploads\/2016\/07\/lixao-brasilia-capa-300x174.jpg 300w, https:\/\/setorreciclagem.com.br\/wp-content\/uploads\/2016\/07\/lixao-brasilia-capa-720x418.jpg 720w\" sizes=\"(max-width: 1000px) 100vw, 1000px\" \/><\/a><\/figure>\n\n\n\n<h2 class=\"wp-block-heading\" id=\"compreendendo-a-logistica-reversa\"><strong>Comprendre la logistique inverse<\/strong><\/h2>\n\n\n\n<p>La Reverse Logistics est un concept fondamental pour une gestion efficace des d\u00e9chets solides. Selon la loi 12 305\/10, la logistique invers\u00e9e est d\u00e9finie comme l&#039;ensemble d&#039;actions con\u00e7ues pour permettre la collecte et le retour des d\u00e9chets solides au secteur des entreprises pour une r\u00e9utilisation ou une \u00e9limination finale respectueuse de l&#039;environnement. Le d\u00e9cret n\u00b0 7 404\/10 r\u00e9glemente cette pratique, \u00e9tablissant les proc\u00e9dures et les responsabilit\u00e9s pour sa mise en \u0153uvre.<\/p>\n\n\n\n<p>Les d\u00e9chets solides proviennent de diverses sources, notamment des fabricants, des importateurs, des distributeurs, des commer\u00e7ants et des consommateurs. Le volume de d\u00e9chets solides augmente \u00e0 un rythme sup\u00e9rieur \u00e0 la croissance d\u00e9mographique, ce qui entra\u00eene des probl\u00e8mes importants qui affectent la qualit\u00e9 de vie. La l\u00e9gislation br\u00e9silienne vise \u00e0 r\u00e9soudre ces probl\u00e8mes en promouvant la r\u00e9duction, la r\u00e9utilisation et le recyclage des d\u00e9chets, en \u00e9tablissant des responsabilit\u00e9s claires pour la cha\u00eene de production et de consommation.<\/p>\n\n\n\n<h3 class=\"wp-block-heading\" id=\"principais-eixos-da-legislacao\"><strong>Principaux axes de la l\u00e9gislation\u00a0:<\/strong><\/h3>\n\n\n\n<ul class=\"wp-block-list\">\n<li><strong>\u00c9vitez la g\u00e9n\u00e9ration de d\u00e9chets\u00a0:<\/strong> R\u00e9duire la production de d\u00e9chets \u00e0 la source.<\/li>\n\n\n\n<li><strong>R\u00e9duction et r\u00e9utilisation\u00a0:<\/strong> Mettre en \u0153uvre des pratiques qui r\u00e9duisent la quantit\u00e9 de d\u00e9chets et encouragent la r\u00e9utilisation.<\/li>\n\n\n\n<li><strong>Recyclage et traitement :<\/strong> Traiter les d\u00e9chets pour les r\u00e9utiliser et les traiter de mani\u00e8re appropri\u00e9e.<\/li>\n\n\n\n<li><strong>Responsabilit\u00e9 post-consommation\u00a0:<\/strong> Veiller \u00e0 ce que les producteurs assument la responsabilit\u00e9 du retour des produits apr\u00e8s utilisation.<\/li>\n<\/ul>\n\n\n\n<h2 class=\"wp-block-heading\" id=\"desafios-na-implementacao-da-logistica-reversa\"><strong>D\u00e9fis li\u00e9s \u00e0 la mise en \u0153uvre de la logistique invers\u00e9e<\/strong><\/h2>\n\n\n\n<p>Bien que la l\u00e9gislation ait \u00e9tabli des lignes directrices claires, la mise en \u0153uvre de la Reverse Logistics se heurte \u00e0 plusieurs d\u00e9fis. Parmi les principaux obstacles figurent :<\/p>\n\n\n\n<ul class=\"wp-block-list\">\n<li><strong>R\u00e9sistance \u00e9conomique\u00a0:<\/strong> Les secteurs priv\u00e9 et public sont confront\u00e9s \u00e0 des difficult\u00e9s \u00e9conomiques pour mettre en \u0153uvre efficacement la logistique invers\u00e9e. Cela inclut les co\u00fbts d\u2019infrastructure et les processus de gestion des d\u00e9chets.<\/li>\n\n\n\n<li><strong>Complexit\u00e9 des d\u00e9chets\u00a0:<\/strong> Chaque type de d\u00e9chets, comme les emballages de pesticides, les lampes fluorescentes et les appareils \u00e9lectroniques, pr\u00e9sente des caract\u00e9ristiques sp\u00e9cifiques qui n\u00e9cessitent des solutions diff\u00e9rentes pour leur traitement et leur recyclage.<\/li>\n\n\n\n<li><strong>Coordination entre les secteurs\u00a0:<\/strong> L&#039;int\u00e9gration entre les diff\u00e9rents secteurs impliqu\u00e9s dans la Reverse Logistics, tels que les fabricants et les distributeurs, n&#039;est pas toujours efficace, ce qui entra\u00eene des lacunes dans la gestion des d\u00e9chets.<\/li>\n<\/ul>\n\n\n\n<p>L&#039;article 33 de la loi 12 305\/10 exige que les fabricants, importateurs et distributeurs de produits sp\u00e9cifiques mettent en \u0153uvre des syst\u00e8mes de logistique invers\u00e9e. Cependant, dans la pratique, l\u2019efficacit\u00e9 de ces syst\u00e8mes a \u00e9t\u00e9 limit\u00e9e et de nombreux d\u00e9chets continuent d\u2019\u00eatre mal g\u00e9r\u00e9s.<\/p>\n\n\n\n<h2 class=\"wp-block-heading\" id=\"a-realidade-dos-municipios-na-gestao-de-residuos-solidos\"><strong>La r\u00e9alit\u00e9 des municipalit\u00e9s dans la gestion des d\u00e9chets solides<\/strong><\/h2>\n\n\n\n<p>Les municipalit\u00e9s jouent un r\u00f4le crucial dans la gestion des d\u00e9chets solides, car elles sont responsables de la gestion des d\u00e9chets quotidiens. Cependant, de nombreuses communes sont confront\u00e9es \u00e0 des difficult\u00e9s importantes, telles que :<\/p>\n\n\n\n<ul class=\"wp-block-list\">\n<li><strong>Manque de ressources\u00a0:<\/strong> De nombreuses municipalit\u00e9s ne disposent pas des ressources financi\u00e8res et techniques n\u00e9cessaires pour mettre en \u0153uvre les programmes municipaux de gestion des d\u00e9chets solides (PMGIRS).<\/li>\n\n\n\n<li><strong>Formation insuffisante\u00a0:<\/strong> Le manque de professionnels form\u00e9s pour g\u00e9rer la gestion des d\u00e9chets est un probl\u00e8me r\u00e9current.<\/li>\n\n\n\n<li><strong>Manque de connaissances et manque de diagnostic :<\/strong> De nombreuses municipalit\u00e9s ne disposent pas d&#039;un diagnostic ad\u00e9quat de la situation des d\u00e9chets solides et ne connaissent pas les meilleures pratiques pour leur gestion.<\/li>\n<\/ul>\n\n\n\n<p>L\u2019absence d\u2019un PMGIRS peut entra\u00eener une perte d\u2019acc\u00e8s aux ressources f\u00e9d\u00e9rales destin\u00e9es \u00e0 la gestion des d\u00e9chets, aggravant encore les difficult\u00e9s rencontr\u00e9es par les municipalit\u00e9s.<\/p>\n\n\n\n<h2 class=\"wp-block-heading\" id=\"a-iniciativa-privada-e-a-logistica-reversa\"><strong>Initiative Priv\u00e9e et Logistique Invers\u00e9e<\/strong><\/h2>\n\n\n\n<p>Bien que la responsabilit\u00e9 principale de la logistique inverse soit attribu\u00e9e au secteur priv\u00e9, la mise en \u0153uvre efficace de cette pratique se heurte encore \u00e0 des d\u00e9fis. De nombreux secteurs priv\u00e9s n\u2019assument pas correctement leurs responsabilit\u00e9s, ce qui entra\u00eene une situation presque chaotique en mati\u00e8re de gestion des d\u00e9chets. Une consommation excessive et le manque de r\u00e9utilisation efficace contribuent \u00e0 la crise des d\u00e9chets solides.<\/p>\n\n\n\n<p>Le d\u00e9cret 9\u00a0177\/2017 a \u00e9t\u00e9 sanctionn\u00e9 pour clarifier les articles de la loi 12\u00a0305\/10 et offrir un nouvel espoir pour r\u00e9soudre les probl\u00e8mes li\u00e9s aux d\u00e9chets solides. Cependant, l\u2019application pratique de ces normes reste un d\u00e9fi, et la responsabilit\u00e9 du secteur priv\u00e9 est un facteur essentiel pour le succ\u00e8s de Reverse Logistics.<\/p>\n\n\n\n<h2 class=\"wp-block-heading\" id=\"caminhos-para-uma-solucao-sustentavel\"><strong> Les voies vers une solution durable<\/strong><\/h2>\n\n\n\n<p>L\u2019analyse de la logistique inverse et de la gestion des d\u00e9chets solides r\u00e9v\u00e8le un sc\u00e9nario complexe et stimulant. Bien que la l\u00e9gislation br\u00e9silienne ait cr\u00e9\u00e9 un cadre important pour la gestion des d\u00e9chets, sa mise en \u0153uvre pratique se heurte \u00e0 plusieurs obstacles. Les municipalit\u00e9s, en particulier, rencontrent d&#039;importantes difficult\u00e9s \u00e0 assumer leurs responsabilit\u00e9s, en raison d&#039;un manque de ressources, de formation et de connaissances.<\/p>\n\n\n\n<p>La durabilit\u00e9 environnementale n\u00e9cessite un effort conjoint entre le secteur public, le secteur priv\u00e9 et la soci\u00e9t\u00e9. La logistique invers\u00e9e doit \u00eatre mise en \u0153uvre efficacement pour assurer une gestion ad\u00e9quate des d\u00e9chets solides et r\u00e9duire la pollution. Il est essentiel qu&#039;il y ait une plus grande supervision et un plus grand engagement de la part de toutes les parties impliqu\u00e9es pour relever les d\u00e9fis et trouver des solutions efficaces pour la gestion des d\u00e9chets solides.<\/p>\n\n\n\n<p>S\u2019il n\u2019y a pas de changement significatif dans l\u2019approche et la mise en \u0153uvre des politiques li\u00e9es \u00e0 la gestion des d\u00e9chets, l\u2019avenir environnemental des municipalit\u00e9s et du pays pourrait \u00eatre compromis. La responsabilit\u00e9 partag\u00e9e et l\u2019action coordonn\u00e9e sont fondamentales pour garantir un avenir plus durable aux g\u00e9n\u00e9rations futures.<\/p>\n\n\n\n<p>D\u00e9couvrez d\u2019autres faits int\u00e9ressants sur le recyclage&nbsp;<a href=\"https:\/\/setorreciclagem.com.br\/fr\/\">en cliquant ici.<\/a><br>Apprenez \u00e0 faire de l&#039;art en recyclant,&nbsp;<a href=\"https:\/\/artereciclada.com.br\/\" target=\"_blank\" rel=\"noreferrer noopener\">Cliquez ici.<\/a><\/p>\n\n\n\n<div class=\"wp-block-rank-math-toc-block\" id=\"rank-math-toc\"><h2>R\u00e9sum\u00e9<\/h2><nav><ul><li class=\"\"><a href=\"#compreendendo-a-logistica-reversa\">Comprendre la logistique inverse<\/a><ul><li class=\"\"><a href=\"#principais-eixos-da-legislacao\">Principaux axes de la l\u00e9gislation\u00a0:<\/a><\/li><\/ul><\/li><li class=\"\"><a href=\"#desafios-na-implementacao-da-logistica-reversa\">D\u00e9fis li\u00e9s \u00e0 la mise en \u0153uvre de la logistique invers\u00e9e<\/a><\/li><li class=\"\"><a href=\"#a-realidade-dos-municipios-na-gestao-de-residuos-solidos\">La r\u00e9alit\u00e9 des municipalit\u00e9s dans la gestion des d\u00e9chets solides<\/a><\/li><li class=\"\"><a href=\"#a-iniciativa-privada-e-a-logistica-reversa\">Initiative Priv\u00e9e et Logistique Invers\u00e9e<\/a><\/li><li class=\"\"><a href=\"#caminhos-para-uma-solucao-sustentavel\"> Les voies vers une solution durable<\/a><\/li><\/ul><\/nav><\/div>","protected":false},"excerpt":{"rendered":"<p>A sustentabilidade \u00e9 uma responsabilidade fundamental da gera\u00e7\u00e3o atual para assegurar a qualidade de vida das futuras gera\u00e7\u00f5es. Para enfrentar os desafios ambientais, o Estado tem implementado legisla\u00e7\u00f5es importantes, como o Plano Nacional de Res\u00edduos S\u00f3lidos (PNRS), institu\u00eddo pela Lei 12.305\/10, e a regulamenta\u00e7\u00e3o da Log\u00edstica Reversa pelo Decreto N\u00ba 7.404\/10. Estas normas buscam criar [&hellip;]<\/p>","protected":false},"author":118,"featured_media":3102,"comment_status":"open","ping_status":"open","sticky":false,"template":"","format":"standard","meta":{"footnotes":""},"categories":[33],"tags":[61,130,318,122,119],"class_list":["post-2360","post","type-post","status-publish","format-standard","has-post-thumbnail","hentry","category-legislacao","tag-coleta-seletiva","tag-lixo","tag-logisticareversa","tag-reciclagem","tag-sustentabilidade"],"blocksy_meta":[],"_links":{"self":[{"href":"https:\/\/setorreciclagem.com.br\/fr\/wp-json\/wp\/v2\/posts\/2360","targetHints":{"allow":["GET"]}}],"collection":[{"href":"https:\/\/setorreciclagem.com.br\/fr\/wp-json\/wp\/v2\/posts"}],"about":[{"href":"https:\/\/setorreciclagem.com.br\/fr\/wp-json\/wp\/v2\/types\/post"}],"author":[{"embeddable":true,"href":"https:\/\/setorreciclagem.com.br\/fr\/wp-json\/wp\/v2\/users\/118"}],"replies":[{"embeddable":true,"href":"https:\/\/setorreciclagem.com.br\/fr\/wp-json\/wp\/v2\/comments?post=2360"}],"version-history":[{"count":6,"href":"https:\/\/setorreciclagem.com.br\/fr\/wp-json\/wp\/v2\/posts\/2360\/revisions"}],"predecessor-version":[{"id":3221,"href":"https:\/\/setorreciclagem.com.br\/fr\/wp-json\/wp\/v2\/posts\/2360\/revisions\/3221"}],"wp:featuredmedia":[{"embeddable":true,"href":"https:\/\/setorreciclagem.com.br\/fr\/wp-json\/wp\/v2\/media\/3102"}],"wp:attachment":[{"href":"https:\/\/setorreciclagem.com.br\/fr\/wp-json\/wp\/v2\/media?parent=2360"}],"wp:term":[{"taxonomy":"category","embeddable":true,"href":"https:\/\/setorreciclagem.com.br\/fr\/wp-json\/wp\/v2\/categories?post=2360"},{"taxonomy":"post_tag","embeddable":true,"href":"https:\/\/setorreciclagem.com.br\/fr\/wp-json\/wp\/v2\/tags?post=2360"}],"curies":[{"name":"wp","href":"https:\/\/api.w.org\/{rel}","templated":true}]}}