{"id":1637,"date":"2015-11-10T09:23:49","date_gmt":"2015-11-10T12:23:49","guid":{"rendered":"http:\/\/setorreciclagem.com.br\/?p=1637"},"modified":"2024-08-22T19:07:02","modified_gmt":"2024-08-22T22:07:02","slug":"erradicacao-dos-lixoes","status":"publish","type":"post","link":"https:\/\/setorreciclagem.com.br\/fr\/legislacao\/erradicacao-dos-lixoes\/","title":{"rendered":"\u00c9radication des d\u00e9charges\u00a0: le d\u00e9fi de plusieurs d\u00e9cennies de non-respect de la l\u00e9gislation environnementale"},"content":{"rendered":"<p>LE <strong>\u00e9radication des d\u00e9charges<\/strong> Il s\u2019agit d\u2019une question cruciale au Br\u00e9sil, un probl\u00e8me qui aurait d\u00fb \u00eatre r\u00e9solu il y a des ann\u00e9es, mais qui continue d\u2019\u00eatre ignor\u00e9. La Politique Nationale des D\u00e9chets Solides (PNRS), qui pr\u00e9voyait l&#039;\u00e9radication des d\u00e9charges d&#039;ici ao\u00fbt 2014, n&#039;a pas \u00e9t\u00e9 mise en \u0153uvre, et la r\u00e9alit\u00e9 est que de nombreuses villes vivent encore avec ce probl\u00e8me environnemental. Dans cet article, nous aborderons les raisons pour lesquelles les d\u00e9charges continuent d&#039;exister, les impacts environnementaux et sociaux de cette pratique et ce qui peut \u00eatre fait pour enfin les \u00e9radiquer.<\/p>\n\n\n\n<hr class=\"wp-block-separator has-alpha-channel-opacity\"\/>\n\n\n\n<figure class=\"wp-block-image size-large\"><a href=\"https:\/\/setorreciclagem.com.br\/wp-content\/uploads\/2015\/11\/lei-de-residuos.jpg\"><img fetchpriority=\"high\" decoding=\"async\" width=\"1024\" height=\"597\" src=\"https:\/\/setorreciclagem.com.br\/wp-content\/uploads\/2015\/11\/lei-de-residuos-1024x597.jpg\" alt=\"erradica\u00e7\u00e3o dos lix\u00f5es\" class=\"wp-image-1638\" srcset=\"https:\/\/setorreciclagem.com.br\/wp-content\/uploads\/2015\/11\/lei-de-residuos-1024x597.jpg 1024w, https:\/\/setorreciclagem.com.br\/wp-content\/uploads\/2015\/11\/lei-de-residuos-300x175.jpg 300w, https:\/\/setorreciclagem.com.br\/wp-content\/uploads\/2015\/11\/lei-de-residuos-720x420.jpg 720w, https:\/\/setorreciclagem.com.br\/wp-content\/uploads\/2015\/11\/lei-de-residuos.jpg 1100w\" sizes=\"(max-width: 1024px) 100vw, 1024px\" \/><\/a><figcaption class=\"wp-element-caption\">La l\u00e9gislation environnementale au Br\u00e9sil continue d\u2019\u00eatre une source de honte<\/figcaption><\/figure>\n\n\n\n<h3 class=\"wp-block-heading\" id=\"a-historia-da-legislacao-sobre-lixoes-no-brasil\"> L&#039;histoire de la l\u00e9gislation sur les bennes \u00e0 ordures au Br\u00e9sil<\/h3>\n\n\n\n<p>LE <strong>l\u00e9gislation environnementale<\/strong> Le Br\u00e9sil a une longue histoire de manque de respect, notamment en mati\u00e8re de gestion des d\u00e9chets solides. LE <strong>\u00e9radication des d\u00e9charges<\/strong> a \u00e9t\u00e9 \u00e9tabli comme objectif dans la politique nationale des d\u00e9chets solides, approuv\u00e9e en 2010, et aurait d\u00fb \u00eatre atteint d\u2019ici 2014. Cependant, le manque de respect des lois environnementales dans le pays est le reflet de d\u00e9cennies de m\u00e9pris des normes \u00e9tablies.<\/p>\n\n\n\n<p>En 2015, une mesure provisoire prolongeant le d\u00e9lai a fait l&#039;objet du veto de la pr\u00e9sidente de l&#039;\u00e9poque, Dilma Rousseff, qui, en th\u00e9orie, maintenait l&#039;obligation pour toutes les municipalit\u00e9s de s&#039;adapter aux nouvelles r\u00e8gles. Cependant, cette d\u00e9cision n&#039;a pas entra\u00een\u00e9 de changements pratiques et de nombreuses municipalit\u00e9s continuent d&#039;exploiter des d\u00e9charges \u00e0 ciel ouvert, en d\u00e9saccord total avec la l\u00e9gislation.<\/p>\n\n\n\n<h3 class=\"wp-block-heading\" id=\"o-impacto-ambiental\">L&#039;impact environnemental <\/h3>\n\n\n\n<p>Toi <strong>d\u00e9charges<\/strong> Ils constituent une source constante de pollution, affectant les sols, l\u2019eau et l\u2019air. L&#039;\u00e9limination des d\u00e9chets \u00e0 l&#039;air libre sans aucun type de contr\u00f4le g\u00e9n\u00e8re de graves cons\u00e9quences pour l&#039;environnement. Les d\u00e9chets d\u00e9pos\u00e9s dans les d\u00e9charges, une fois d\u00e9compos\u00e9s, lib\u00e8rent des substances chimiques qui peuvent contaminer les eaux souterraines, endommageant ainsi l&#039;approvisionnement en eau de communaut\u00e9s enti\u00e8res.<\/p>\n\n\n\n<p>De plus, les d\u00e9charges contribuent \u00e0 l\u2019\u00e9mission de gaz \u00e0 effet de serre, comme le m\u00e9thane, qui est lib\u00e9r\u00e9 lors du processus de d\u00e9composition des d\u00e9chets organiques. Cela aggrave le probl\u00e8me du changement climatique, un probl\u00e8me qui touche non seulement le Br\u00e9sil, mais le monde entier. <\/p>\n\n\n\n<h3 class=\"wp-block-heading\" id=\"a-questao-politica-e-a-falta-de-vontade-de-implementar-mudancas\"> La question politique et le manque de volont\u00e9 de mettre en \u0153uvre des changements<\/h3>\n\n\n\n<p>L\u2019un des plus grands d\u00e9fis est le manque de volont\u00e9 politique. Bien qu&#039;il existe des lois interdisant la cr\u00e9ation et l&#039;entretien de d\u00e9charges, de nombreuses municipalit\u00e9s n&#039;ont pas encore mis en place des syst\u00e8mes ad\u00e9quats de collecte et de traitement des d\u00e9chets. La gestion des d\u00e9chets solides est un domaine qui n\u00e9cessite des investissements, tant en infrastructures qu&#039;en ressources humaines. Cependant, la question est souvent rel\u00e9gu\u00e9e au second plan, les maires et les gouverneurs reportant \u00e0 plus tard les solutions au probl\u00e8me.<\/p>\n\n\n\n<p>Parmi les principaux obstacles au progr\u00e8s dans ce domaine, on peut souligner :<\/p>\n\n\n\n<ul class=\"wp-block-list\">\n<li><strong>Budget<\/strong>: La gestion des d\u00e9chets solides repr\u00e9sente l&#039;une des d\u00e9penses municipales les plus importantes, et il y a souvent un d\u00e9tournement des ressources qui devraient \u00eatre allou\u00e9es \u00e0 ce domaine.<\/li>\n\n\n\n<li><strong>Postes non techniques<\/strong>: De nombreux postes responsables de la gestion des d\u00e9chets sont occup\u00e9s par des personnes sans formation ad\u00e9quate, ce qui conduit \u00e0 une ex\u00e9cution inefficace des politiques publiques.<\/li>\n\n\n\n<li><strong>Manque de priorit\u00e9 \u00e9lectorale<\/strong>: Malheureusement, la bonne gestion des d\u00e9chets solides n&#039;est pas un sujet qui attire les suffrages, et pour cette raison, elle est souvent ignor\u00e9e dans les campagnes et les mandats politiques.<\/li>\n<\/ul>\n\n\n\n<p>Dans ces conditions, cela semble encore loin, \u00e0 moins d&#039;un changement significatif dans la mani\u00e8re dont la gestion des d\u00e9chets est g\u00e9r\u00e9e au Br\u00e9sil.<\/p>\n\n\n\n<h3 class=\"wp-block-heading\" id=\"os-efeitos-sociais-dos-lixoes\"> Les effets sociaux des d\u00e9charges<\/h3>\n\n\n\n<p>Outre les impacts environnementaux, le <strong>d\u00e9charges<\/strong> ils affectent \u00e9galement directement la soci\u00e9t\u00e9. Les populations vivant \u00e0 proximit\u00e9 de ces zones sont expos\u00e9es \u00e0 des risques sanitaires dus \u00e0 la contamination de l\u2019eau et des sols, en plus de la prolif\u00e9ration accrue de vecteurs de maladies, comme les rats et les moustiques.<\/p>\n\n\n\n<p>La pr\u00e9sence de d\u00e9charges est \u00e9galement li\u00e9e aux probl\u00e8mes d\u2019in\u00e9galit\u00e9 sociale. Souvent, des personnes en situation de vuln\u00e9rabilit\u00e9 finissent par travailler dans ces lieux, effectuant une collecte informelle de mati\u00e8res recyclables dans des conditions insalubres. LE <strong>\u00e9radication<\/strong> Il s\u2019agit donc d\u2019une question de justice sociale, puisque la suppression de ces zones peut am\u00e9liorer significativement la qualit\u00e9 de vie de ces populations.<\/p>\n\n\n\n<h3 class=\"wp-block-heading\" id=\"caminhos-para-a-erradicacao-dos-lixoes\"> Les voies pour \u00e9radiquer les bennes \u00e0 ordures<\/h3>\n\n\n\n<p>LE <strong>\u00e9radication des d\u00e9charges<\/strong> n\u00e9cessite une approche multidimensionnelle, qui implique \u00e0 la fois la mise en \u0153uvre de politiques publiques efficaces et la sensibilisation du public. Certaines des solutions incluent\u00a0:<\/p>\n\n\n\n<ul class=\"wp-block-list\">\n<li><strong>Investissement dans les d\u00e9charges<\/strong>: L&#039;une des alternatives aux d\u00e9charges sont les d\u00e9charges, qui disposent de syst\u00e8mes de contr\u00f4le pour \u00e9viter la contamination de l&#039;environnement.<\/li>\n\n\n\n<li><strong>Collecte s\u00e9lective et recyclage<\/strong>: D\u00e9velopper la collecte s\u00e9lective et encourager le recyclage sont des mesures essentielles pour r\u00e9duire la quantit\u00e9 de d\u00e9chets envoy\u00e9s en d\u00e9charge.<\/li>\n\n\n\n<li><strong>\u00c9ducation environnementale<\/strong>: Sensibiliser la population \u00e0 l\u2019importance de r\u00e9duire, r\u00e9utiliser et recycler ses d\u00e9chets est indispensable pour un changement de comportement.<\/li>\n\n\n\n<li><strong>Implication du secteur priv\u00e9<\/strong>: Les partenariats public-priv\u00e9 peuvent contribuer \u00e0 acc\u00e9l\u00e9rer la construction d\u2019infrastructures ad\u00e9quates de traitement des d\u00e9chets.<\/li>\n<\/ul>\n\n\n\n<p>LE <strong>\u00e9radication des d\u00e9charges<\/strong> Cela ne sera pas possible sans la participation de tous les secteurs de la soci\u00e9t\u00e9. Il est n\u00e9cessaire de faire pression sur les gouvernements pour qu&#039;ils se conforment aux lois en vigueur et investissent dans des solutions durables pour le traitement des d\u00e9chets.<\/p>\n\n\n\n<h3 class=\"wp-block-heading\" id=\"a-urgencia-de-resolver-a-questao-dos-lixoes\"> L\u2019urgence de r\u00e9soudre le probl\u00e8me des d\u00e9charges<\/h3>\n\n\n\n<p>LE <strong>\u00e9radication des d\u00e9charges<\/strong> au Br\u00e9sil, il s&#039;agit d&#039;une question urgente qui concerne \u00e0 la fois l&#039;environnement, la sant\u00e9 publique et la justice sociale. Des d\u00e9cennies de manque de respect envers <strong>l\u00e9gislation<\/strong> et le manque de volont\u00e9 politique a maintenu le pays coinc\u00e9 dans un mod\u00e8le d\u2019\u00e9limination des d\u00e9chets obsol\u00e8te et nocif.<\/p>\n\n\n\n<p>Pour avancer, il est essentiel que les citoyens s&#039;impliquent dans ce dossier, exigent des actions concr\u00e8tes de la part de leurs repr\u00e9sentants et fassent leur part dans la r\u00e9duction et le recyclage des d\u00e9chets. Ce n\u2019est qu\u2019en unissant nos forces qu\u2019il sera possible de transformer cette r\u00e9alit\u00e9 et de garantir un avenir plus durable aux g\u00e9n\u00e9rations futures.<\/p>\n\n\n\n<p>LE <strong>\u00e9radication des d\u00e9charges<\/strong> cela doit \u00eatre une priorit\u00e9, et il est de notre devoir en tant que citoyens de lutter pour un Br\u00e9sil plus propre et plus juste.<\/p>\n\n\n\n<p>D\u00e9couvrez d\u2019autres faits int\u00e9ressants sur le recyclage&nbsp;<a href=\"https:\/\/setorreciclagem.com.br\/fr\/\">en cliquant ici.<\/a><br>Apprenez \u00e0 faire de l&#039;art en recyclant,&nbsp;<a href=\"https:\/\/artereciclada.com.br\/\" target=\"_blank\" rel=\"noreferrer noopener\">Cliquez ici.<\/a><\/p>\n\n\n\n<div class=\"wp-block-rank-math-toc-block\" id=\"rank-math-toc\"><h2>R\u00e9sum\u00e9<\/h2><nav><ul><li class=\"\"><a href=\"#a-historia-da-legislacao-sobre-lixoes-no-brasil\">L&#039;histoire de la l\u00e9gislation sur les bennes \u00e0 ordures au Br\u00e9sil<\/a><\/li><li class=\"\"><a href=\"#o-impacto-ambiental\">L&#039;impact environnemental<\/a><\/li><li class=\"\"><a href=\"#a-questao-politica-e-a-falta-de-vontade-de-implementar-mudancas\">La question politique et le manque de volont\u00e9 de mettre en \u0153uvre des changements<\/a><\/li><li class=\"\"><a href=\"#os-efeitos-sociais-dos-lixoes\">Les effets sociaux des d\u00e9charges<\/a><\/li><li class=\"\"><a href=\"#caminhos-para-a-erradicacao-dos-lixoes\">Les voies pour \u00e9radiquer les bennes \u00e0 ordures<\/a><\/li><li class=\"\"><a href=\"#a-urgencia-de-resolver-a-questao-dos-lixoes\">L\u2019urgence de r\u00e9soudre le probl\u00e8me des d\u00e9charges<\/a><\/li><\/ul><\/nav><\/div>","protected":false},"excerpt":{"rendered":"<p>A erradica\u00e7\u00e3o dos lix\u00f5es \u00e9 um tema cr\u00edtico no Brasil, um problema que deveria ter sido resolvido h\u00e1 anos, mas que continua sendo ignorado. A Pol\u00edtica Nacional de Res\u00edduos S\u00f3lidos (PNRS), que previa a erradica\u00e7\u00e3o dos lix\u00f5es at\u00e9 agosto de 2014, n\u00e3o foi implementada, e a realidade \u00e9 que muitas cidades ainda convivem com esse [&hellip;]<\/p>","protected":false},"author":2,"featured_media":1638,"comment_status":"open","ping_status":"open","sticky":false,"template":"","format":"standard","meta":{"footnotes":""},"categories":[33],"tags":[197,196,227],"class_list":["post-1637","post","type-post","status-publish","format-standard","has-post-thumbnail","hentry","category-legislacao","tag-aterros-sanitarios","tag-lixoes","tag-politica-nacional-de-residuos-solidos"],"blocksy_meta":[],"_links":{"self":[{"href":"https:\/\/setorreciclagem.com.br\/fr\/wp-json\/wp\/v2\/posts\/1637","targetHints":{"allow":["GET"]}}],"collection":[{"href":"https:\/\/setorreciclagem.com.br\/fr\/wp-json\/wp\/v2\/posts"}],"about":[{"href":"https:\/\/setorreciclagem.com.br\/fr\/wp-json\/wp\/v2\/types\/post"}],"author":[{"embeddable":true,"href":"https:\/\/setorreciclagem.com.br\/fr\/wp-json\/wp\/v2\/users\/2"}],"replies":[{"embeddable":true,"href":"https:\/\/setorreciclagem.com.br\/fr\/wp-json\/wp\/v2\/comments?post=1637"}],"version-history":[{"count":6,"href":"https:\/\/setorreciclagem.com.br\/fr\/wp-json\/wp\/v2\/posts\/1637\/revisions"}],"predecessor-version":[{"id":3701,"href":"https:\/\/setorreciclagem.com.br\/fr\/wp-json\/wp\/v2\/posts\/1637\/revisions\/3701"}],"wp:featuredmedia":[{"embeddable":true,"href":"https:\/\/setorreciclagem.com.br\/fr\/wp-json\/wp\/v2\/media\/1638"}],"wp:attachment":[{"href":"https:\/\/setorreciclagem.com.br\/fr\/wp-json\/wp\/v2\/media?parent=1637"}],"wp:term":[{"taxonomy":"category","embeddable":true,"href":"https:\/\/setorreciclagem.com.br\/fr\/wp-json\/wp\/v2\/categories?post=1637"},{"taxonomy":"post_tag","embeddable":true,"href":"https:\/\/setorreciclagem.com.br\/fr\/wp-json\/wp\/v2\/tags?post=1637"}],"curies":[{"name":"wp","href":"https:\/\/api.w.org\/{rel}","templated":true}]}}